 
{"id":1527,"date":"2025-10-14T21:49:26","date_gmt":"2025-10-14T21:49:26","guid":{"rendered":"https:\/\/www.afa-bizkaia.com\/?p=1527"},"modified":"2025-10-14T22:19:41","modified_gmt":"2025-10-14T22:19:41","slug":"alzheimerraren-munduko-eguna-2025-jornada-dia-mundial-del-alzheimer-2025","status":"publish","type":"post","link":"https:\/\/www.afa-bizkaia.com\/eu\/alzheimerraren-munduko-eguna-2025-jornada-dia-mundial-del-alzheimer-2025\/","title":{"rendered":"Alzheimerraren Munduko Eguna 2025 &#8211; Jornada Dia Mundial del Alzheimer 2025"},"content":{"rendered":"\n<div class=\"wp-block-columns is-layout-flex wp-container-core-columns-is-layout-9d6595d7 wp-block-columns-is-layout-flex\">\n<div class=\"wp-block-column is-layout-flow wp-block-column-is-layout-flow\">\n<p>Irailaren 17an, Alzheimerraren munduko eguna zela eta, jardunaldi bat egin zen Deustuko Unibertsitatean, eta 150 pertsona baino gehiago bertaratu ziren.<\/p>\n\n\n\n<p><br>Egun horretan, hiru erakundeetako ordezkariak izan genituen gurekin (Bizkaiko Foru Aldundia, Eusko Jaurlaritza eta Udala).<\/p>\n\n\n\n<p><br>Familien eta profesionalen arteko topaketa eta ikaskuntza eguna izan zen.<\/p>\n<\/div>\n\n\n\n<div class=\"wp-block-column is-layout-flow wp-block-column-is-layout-flow\" style=\"flex-basis:10%\"><\/div>\n\n\n\n<div class=\"wp-block-column is-layout-flow wp-block-column-is-layout-flow\">\n<p>El 17 de septiembre, con motivo del d\u00eda mundial del Alzheimer, se celebr\u00f3 una jornada en la Universidad de Deusto en las que acudieron m\u00e1s de 150 personas.<\/p>\n\n\n\n<p>Ese d\u00eda nos acompa\u00f1aron representantes de las tres instituciones (Diputaci\u00f3n foral de Bizkaia, Gobierno Vasco y Ayuntamiento).<\/p>\n\n\n\n<p>Fue un d\u00eda de encuentro y aprendizaje entre familias y profesionales.<\/p>\n<\/div>\n<\/div>\n\n\n<div class=\"wp-block-image\">\n<figure class=\"aligncenter size-full\"><img decoding=\"async\" width=\"696\" height=\"685\" src=\"https:\/\/www.afa-bizkaia.com\/wp-content\/uploads\/2025\/10\/AFA-Noticia-3.jpg\" alt=\"\" class=\"wp-image-1525\" srcset=\"https:\/\/www.afa-bizkaia.com\/wp-content\/uploads\/2025\/10\/AFA-Noticia-3.jpg 696w, https:\/\/www.afa-bizkaia.com\/wp-content\/uploads\/2025\/10\/AFA-Noticia-3-300x295.jpg 300w, https:\/\/www.afa-bizkaia.com\/wp-content\/uploads\/2025\/10\/AFA-Noticia-3-150x148.jpg 150w, https:\/\/www.afa-bizkaia.com\/wp-content\/uploads\/2025\/10\/AFA-Noticia-3-45x45.jpg 45w\" sizes=\"(max-width: 696px) 100vw, 696px\" \/><\/figure>\n<\/div>","protected":false},"excerpt":{"rendered":"<p>Irailaren 17an, Alzheimerraren munduko eguna zela eta, jardunaldi bat egin zen Deustuko Unibertsitatean, eta 150 pertsona baino gehiago bertaratu ziren. Egun horretan, hiru erakundeetako ordezkariak izan genituen gurekin (Bizkaiko Foru Aldundia,&#8230; <a class=\"newsReadmore\" href=\"https:\/\/www.afa-bizkaia.com\/eu\/alzheimerraren-munduko-eguna-2025-jornada-dia-mundial-del-alzheimer-2025\/\">Gehiago<\/a><\/p>\n","protected":false},"author":1,"featured_media":1525,"comment_status":"closed","ping_status":"closed","sticky":false,"template":"","format":"standard","meta":{"_genesis_hide_title":false,"_genesis_hide_breadcrumbs":false,"_genesis_hide_singular_image":false,"_genesis_hide_footer_widgets":false,"_genesis_custom_body_class":"","_genesis_custom_post_class":"","_genesis_layout":"","footnotes":""},"categories":[8],"tags":[],"class_list":{"0":"post-1527","1":"post","2":"type-post","3":"status-publish","4":"format-standard","5":"has-post-thumbnail","7":"category-berriak-afa-bizkaia","8":"entry"},"_links":{"self":[{"href":"https:\/\/www.afa-bizkaia.com\/eu\/wp-json\/wp\/v2\/posts\/1527","targetHints":{"allow":["GET"]}}],"collection":[{"href":"https:\/\/www.afa-bizkaia.com\/eu\/wp-json\/wp\/v2\/posts"}],"about":[{"href":"https:\/\/www.afa-bizkaia.com\/eu\/wp-json\/wp\/v2\/types\/post"}],"author":[{"embeddable":true,"href":"https:\/\/www.afa-bizkaia.com\/eu\/wp-json\/wp\/v2\/users\/1"}],"replies":[{"embeddable":true,"href":"https:\/\/www.afa-bizkaia.com\/eu\/wp-json\/wp\/v2\/comments?post=1527"}],"version-history":[{"count":2,"href":"https:\/\/www.afa-bizkaia.com\/eu\/wp-json\/wp\/v2\/posts\/1527\/revisions"}],"predecessor-version":[{"id":1529,"href":"https:\/\/www.afa-bizkaia.com\/eu\/wp-json\/wp\/v2\/posts\/1527\/revisions\/1529"}],"wp:featuredmedia":[{"embeddable":true,"href":"https:\/\/www.afa-bizkaia.com\/eu\/wp-json\/wp\/v2\/media\/1525"}],"wp:attachment":[{"href":"https:\/\/www.afa-bizkaia.com\/eu\/wp-json\/wp\/v2\/media?parent=1527"}],"wp:term":[{"taxonomy":"category","embeddable":true,"href":"https:\/\/www.afa-bizkaia.com\/eu\/wp-json\/wp\/v2\/categories?post=1527"},{"taxonomy":"post_tag","embeddable":true,"href":"https:\/\/www.afa-bizkaia.com\/eu\/wp-json\/wp\/v2\/tags?post=1527"}],"curies":[{"name":"wp","href":"https:\/\/api.w.org\/{rel}","templated":true}]}}