 
{"id":1507,"date":"2025-10-14T17:05:47","date_gmt":"2025-10-14T17:05:47","guid":{"rendered":"https:\/\/www.afa-bizkaia.com\/?p=1507"},"modified":"2025-10-14T17:05:48","modified_gmt":"2025-10-14T17:05:48","slug":"bilboko-udalak-afa-bizkaia-2025ren-laguntza-taldeen-jarduera-diruz-laguntzen-du-el-ayuntamiento-de-bilbao-subvenciona-la-actividad-de-grupos-de-apoyo-de-afa-bizkaia-2025","status":"publish","type":"post","link":"https:\/\/www.afa-bizkaia.com\/eu\/bilboko-udalak-afa-bizkaia-2025ren-laguntza-taldeen-jarduera-diruz-laguntzen-du-el-ayuntamiento-de-bilbao-subvenciona-la-actividad-de-grupos-de-apoyo-de-afa-bizkaia-2025\/","title":{"rendered":"Bilboko Udalak AFA Bizkaia 2025ren laguntza taldeen jarduera diruz laguntzen du &#8211; El Ayuntamiento de Bilbao subvenciona la actividad de grupos de apoyo de AFA Bizkaia 2025"},"content":{"rendered":"\n<figure class=\"wp-block-image size-full is-resized\"><img decoding=\"async\" width=\"665\" height=\"493\" src=\"https:\/\/www.afa-bizkaia.com\/wp-content\/uploads\/2025\/10\/AFA-Noticia-1.jpg\" alt=\"\" class=\"wp-image-1498\" style=\"width:836px;height:auto\" srcset=\"https:\/\/www.afa-bizkaia.com\/wp-content\/uploads\/2025\/10\/AFA-Noticia-1.jpg 665w, https:\/\/www.afa-bizkaia.com\/wp-content\/uploads\/2025\/10\/AFA-Noticia-1-300x222.jpg 300w, https:\/\/www.afa-bizkaia.com\/wp-content\/uploads\/2025\/10\/AFA-Noticia-1-150x111.jpg 150w\" sizes=\"(max-width: 665px) 100vw, 665px\" \/><\/figure>\n\n\n\n<div class=\"wp-block-columns is-layout-flex wp-container-core-columns-is-layout-9d6595d7 wp-block-columns-is-layout-flex\">\n<div class=\"wp-block-column is-layout-flow wp-block-column-is-layout-flow\" style=\"flex-basis:45%\">\n<p class=\"has-text-align-center\">Beste urte batez, Bilboko Udalak, proiektuarekiko sentikorra izanik, indartu egin du dirulaguntza batekin, eta edukia erakunde onuradunaren erantzukizun esklusiboan utzi du.<br><\/p>\n\n\n\n<p class=\"has-text-align-center\"><br><\/p>\n<\/div>\n\n\n\n<div class=\"wp-block-column is-layout-flow wp-block-column-is-layout-flow\" style=\"flex-basis:10%\"><\/div>\n\n\n\n<div class=\"wp-block-column is-layout-flow wp-block-column-is-layout-flow\" style=\"flex-basis:45%\">\n<p class=\"has-text-align-center\">Otro a\u00f1o m\u00e1s el Ayuntamiento de Bilbao sensible al proyecto, lo ha reforzado con una subvenci\u00f3n, dejando su contenido en la responsabilidad exclusiva de la entidad beneficiaria.<\/p>\n\n\n\n<p><\/p>\n<\/div>\n<\/div>\n\n\n\n<figure class=\"wp-block-image size-full\"><img decoding=\"async\" width=\"664\" height=\"337\" src=\"https:\/\/www.afa-bizkaia.com\/wp-content\/uploads\/2025\/10\/AFA-Noticia-1.1.jpg\" alt=\"\" class=\"wp-image-1502\" srcset=\"https:\/\/www.afa-bizkaia.com\/wp-content\/uploads\/2025\/10\/AFA-Noticia-1.1.jpg 664w, https:\/\/www.afa-bizkaia.com\/wp-content\/uploads\/2025\/10\/AFA-Noticia-1.1-300x152.jpg 300w, https:\/\/www.afa-bizkaia.com\/wp-content\/uploads\/2025\/10\/AFA-Noticia-1.1-150x76.jpg 150w\" sizes=\"(max-width: 664px) 100vw, 664px\" \/><\/figure>\n","protected":false},"excerpt":{"rendered":"<p>Beste urte batez, Bilboko Udalak, proiektuarekiko sentikorra izanik, indartu egin du dirulaguntza batekin, eta edukia erakunde onuradunaren erantzukizun esklusiboan utzi du. Otro a\u00f1o m\u00e1s el Ayuntamiento de Bilbao sensible al proyecto,&#8230; <a class=\"newsReadmore\" href=\"https:\/\/www.afa-bizkaia.com\/eu\/bilboko-udalak-afa-bizkaia-2025ren-laguntza-taldeen-jarduera-diruz-laguntzen-du-el-ayuntamiento-de-bilbao-subvenciona-la-actividad-de-grupos-de-apoyo-de-afa-bizkaia-2025\/\">Gehiago<\/a><\/p>\n","protected":false},"author":1,"featured_media":1498,"comment_status":"closed","ping_status":"closed","sticky":false,"template":"","format":"standard","meta":{"_genesis_hide_title":false,"_genesis_hide_breadcrumbs":false,"_genesis_hide_singular_image":false,"_genesis_hide_footer_widgets":false,"_genesis_custom_body_class":"","_genesis_custom_post_class":"","_genesis_layout":"","footnotes":""},"categories":[8],"tags":[],"class_list":{"0":"post-1507","1":"post","2":"type-post","3":"status-publish","4":"format-standard","5":"has-post-thumbnail","7":"category-berriak-afa-bizkaia","8":"entry"},"_links":{"self":[{"href":"https:\/\/www.afa-bizkaia.com\/eu\/wp-json\/wp\/v2\/posts\/1507","targetHints":{"allow":["GET"]}}],"collection":[{"href":"https:\/\/www.afa-bizkaia.com\/eu\/wp-json\/wp\/v2\/posts"}],"about":[{"href":"https:\/\/www.afa-bizkaia.com\/eu\/wp-json\/wp\/v2\/types\/post"}],"author":[{"embeddable":true,"href":"https:\/\/www.afa-bizkaia.com\/eu\/wp-json\/wp\/v2\/users\/1"}],"replies":[{"embeddable":true,"href":"https:\/\/www.afa-bizkaia.com\/eu\/wp-json\/wp\/v2\/comments?post=1507"}],"version-history":[{"count":1,"href":"https:\/\/www.afa-bizkaia.com\/eu\/wp-json\/wp\/v2\/posts\/1507\/revisions"}],"predecessor-version":[{"id":1508,"href":"https:\/\/www.afa-bizkaia.com\/eu\/wp-json\/wp\/v2\/posts\/1507\/revisions\/1508"}],"wp:featuredmedia":[{"embeddable":true,"href":"https:\/\/www.afa-bizkaia.com\/eu\/wp-json\/wp\/v2\/media\/1498"}],"wp:attachment":[{"href":"https:\/\/www.afa-bizkaia.com\/eu\/wp-json\/wp\/v2\/media?parent=1507"}],"wp:term":[{"taxonomy":"category","embeddable":true,"href":"https:\/\/www.afa-bizkaia.com\/eu\/wp-json\/wp\/v2\/categories?post=1507"},{"taxonomy":"post_tag","embeddable":true,"href":"https:\/\/www.afa-bizkaia.com\/eu\/wp-json\/wp\/v2\/tags?post=1507"}],"curies":[{"name":"wp","href":"https:\/\/api.w.org\/{rel}","templated":true}]}}